{"id":689,"date":"2026-08-30T20:07:01","date_gmt":"2026-08-30T18:07:01","guid":{"rendered":"https:\/\/usv-halle-panther.de\/wp\/?p=689"},"modified":"2026-08-30T20:07:01","modified_gmt":"2026-08-30T18:07:01","slug":"saisonauftakt-in-der-regionalliga-fuer-die-usv-halle-panther","status":"publish","type":"post","link":"https:\/\/usv-halle-panther.de\/?p=689","title":{"rendered":"Saisonauftakt in der Regionalliga f\u00fcr die USV Halle Panther"},"content":{"rendered":"<p>Am 29. August 2026 starten die USV Halle Panther mit einem Ausw\u00e4rtsspiel beim HC Einheit Plauen in die neue Saison der Regionalliga 2026\/2027.<\/p>\n<p>Es ist die erste Begegnung der neuen Spielserie \u2013 entsprechend gro\u00df ist die Spannung, wie beide Mannschaften in die Saison starten werden. Einen ersten Eindruck vom Leistungsstand konnten bislang lediglich die absolvierten Testspiele beider Teams vermitteln. Die jeweiligen Trainerteams waren jedenfalls zufrieden. Doch im Wettkampf unter Punktspielbedingungen werden die Karten neu gemischt. Auch in der neuen Saison wird beim USV Halle der Schwerpunkt auf die weitere Stabilisierung der Abwehrreihe gelegt. Die optimale Einstellung der Defensive ist umso wichtiger, da die Panther mit zwei neuen Torh\u00fctern in die Spielserie gehen. Mit Marko Bogojevic und Frederik Moosmann stehen den Panthern zwei motivierte junge M\u00e4nner ab sofort zwischen den Pfosten. Auch auf der linken Au\u00dfenposition gibt es einen ver\u00e4nderten Kader. Joona Gr\u00fc\u00dfner wird sicherlich f\u00fcr viel Wirbel auf dieser Position sorgen.<\/p>\n<p>Der HC Einheit Plauen wird aus einem starken Innenblock agieren. Die f\u00fcnf Neuzug\u00e4nge\u00a0 werden dem Spiel des Gastgebers auch einen neuen Anstrich verleihen. Man darf daher gespannt sein, wie beide Teams eingestellt sind, welche Erkenntnisse sie aus der Vorbereitung mitnehmen konnten und wer zum Saisonauftakt die entscheidenden Akzente setzen kann.<\/p>\n<p>Die Begegnung wird um 17 Uhr in der Einheit-Arena in Plauen angepfiffen.<\/p>\n","protected":false},"excerpt":{"rendered":"<p>Am 29. August 2026 starten die USV Halle Panther mit einem Ausw\u00e4rtsspiel beim HC Einheit Plauen in die neue Saison der Regionalliga 2026\/2027.<\/p>\n","protected":false},"author":1,"featured_media":690,"comment_status":"closed","ping_status":"open","sticky":false,"template":"","format":"standard","meta":{"_bbp_topic_count":0,"_bbp_reply_count":0,"_bbp_total_topic_count":0,"_bbp_total_reply_count":0,"_bbp_voice_count":0,"_bbp_anonymous_reply_count":0,"_bbp_topic_count_hidden":0,"_bbp_reply_count_hidden":0,"_bbp_forum_subforum_count":0,"footnotes":""},"categories":[130],"tags":[],"class_list":["post-689","post","type-post","status-publish","format-standard","has-post-thumbnail","hentry","category-vorberichte"],"_links":{"self":[{"href":"https:\/\/usv-halle-panther.de\/index.php?rest_route=\/wp\/v2\/posts\/689","targetHints":{"allow":["GET"]}}],"collection":[{"href":"https:\/\/usv-halle-panther.de\/index.php?rest_route=\/wp\/v2\/posts"}],"about":[{"href":"https:\/\/usv-halle-panther.de\/index.php?rest_route=\/wp\/v2\/types\/post"}],"author":[{"embeddable":true,"href":"https:\/\/usv-halle-panther.de\/index.php?rest_route=\/wp\/v2\/users\/1"}],"replies":[{"embeddable":true,"href":"https:\/\/usv-halle-panther.de\/index.php?rest_route=%2Fwp%2Fv2%2Fcomments&post=689"}],"version-history":[{"count":1,"href":"https:\/\/usv-halle-panther.de\/index.php?rest_route=\/wp\/v2\/posts\/689\/revisions"}],"predecessor-version":[{"id":691,"href":"https:\/\/usv-halle-panther.de\/index.php?rest_route=\/wp\/v2\/posts\/689\/revisions\/691"}],"wp:featuredmedia":[{"embeddable":true,"href":"https:\/\/usv-halle-panther.de\/index.php?rest_route=\/wp\/v2\/media\/690"}],"wp:attachment":[{"href":"https:\/\/usv-halle-panther.de\/index.php?rest_route=%2Fwp%2Fv2%2Fmedia&parent=689"}],"wp:term":[{"taxonomy":"category","embeddable":true,"href":"https:\/\/usv-halle-panther.de\/index.php?rest_route=%2Fwp%2Fv2%2Fcategories&post=689"},{"taxonomy":"post_tag","embeddable":true,"href":"https:\/\/usv-halle-panther.de\/index.php?rest_route=%2Fwp%2Fv2%2Ftags&post=689"}],"curies":[{"name":"wp","href":"https:\/\/api.w.org\/{rel}","templated":true}]}}